{"id":11839,"date":"2010-11-20T07:06:44","date_gmt":"2010-11-20T06:06:44","guid":{"rendered":"http:\/\/andreas-louis-seyerlein.de\/air\/?p=11839"},"modified":"2024-06-16T19:41:36","modified_gmt":"2024-06-16T17:41:36","slug":"white","status":"publish","type":"post","link":"https:\/\/andreas-louis-seyerlein.de\/air\/white\/","title":{"rendered":"white"},"content":{"rendered":"<p><a href=\"https:\/\/andreas-louis-seyerlein.de\/air\/lima-tango-lima\/\"><img loading=\"lazy\" decoding=\"async\" style=\"border: 0px initial initial;\" title=\"5\" src=\"https:\/\/andreas-louis-seyerlein.de\/air\/wp-content\/uploads\/2009\/04\/0.jpg\" alt=\"2\" width=\"36\" height=\"80\"><\/a><\/p>\n<p><a href=\"https:\/\/andreas-louis-seyerlein.de\/air\/lima-tango-lima\/\"><span style=\"text-decoration: underline;\">alpha<\/span><\/a> : 0.10 \u2014 Das sehr Beson\u00adde\u00adre an Salz\u00adk\u00e4\u00adfern ist, dass sie wei\u00df sind, nicht nur von Au\u00dfen her betrach\u00adtet, son\u00addern auch dann, wenn man sie \u00f6ff\u00adnet, wenn man ihre Augen, ihr Gehirn, ihr Herz im Innern beob\u00adach\u00adtet, alles wei\u00df im K\u00e4fer, Faser f\u00fcr Faser. Seit Tagen bereits, da ich ihre Gat\u00adtung ent\u00addeck\u00adte, den\u00adke ich dar\u00ad\u00fcber nach, wie sie das machen, das Wei\u00df\u00adsein, ob das \u00fcber\u00adhaupt m\u00f6g\u00adlich ist und woher sie kom\u00admen und wovon sie sich ern\u00e4h\u00adren. Stun\u00adde um Stun\u00adde, das ist gesi\u00adchert, Tag und Nacht, sal\u00adzen sie genau ein Korn in die Welt, aber nur dann, wenn ich bewun\u00addernd mit ihnen spre\u00adche, wenn ich sie mit mei\u00adnen Gedan\u00adken ber\u00fch\u00adre. \u2014 Sams\u00adtag schon wie\u00adder. Sechs Uhr sieb\u00adzehn in Port-au-Prin\u00adce, Hai\u00adti. \u2014&nbsp;stop<br>\n<img decoding=\"async\" src=\"https:\/\/andreas-louis-seyerlein.de\/air\/g\/ping.jpg\" alt=\"ping\"><\/p>\n","protected":false},"excerpt":{"rendered":"<p>alpha : 0.10 \u2014 Das sehr Beson\u00adde\u00adre an Salz\u00adk\u00e4\u00adfern ist, dass sie wei\u00df sind, nicht nur von Au\u00dfen her betrach\u00adtet, son\u00addern auch dann, wenn man sie \u00f6ff\u00adnet, wenn man ihre Augen, ihr Gehirn, ihr Herz\u2026 <a class=\"excerpt-more-link\" href=\"https:\/\/andreas-louis-seyerlein.de\/air\/white\/\">Read More<\/a><\/p>\n","protected":false},"author":1,"featured_media":0,"comment_status":"closed","ping_status":"closed","sticky":false,"template":"","format":"standard","meta":{"_acf_changed":false,"wp_typography_post_enhancements_disabled":false,"_jetpack_memberships_contains_paid_content":false,"footnotes":""},"categories":[103,1116,1118],"tags":[495,1655,99,1792,4043,2060,524,111,32,1698,4174,525,5607,1312,106,97,825,943,757,1649,872,604,790,107,5059,959],"class_list":["post-11839","post","type-post","status-publish","format-standard","hentry","category-kaefer","category-papiergeschichten","category-zeitorte","tag-alpha","tag-auge","tag-augen","tag-aussen","tag-faser","tag-gattung","tag-gedanke","tag-gedanken","tag-gehirn","tag-herz","tag-hirn","tag-ich","tag-is","tag-kaefer","tag-minute","tag-nacht","tag-net","tag-op","tag-port-au-prince","tag-sonde","tag-stop","tag-stunde","tag-tage","tag-uhr","tag-welt","tag-wunder"],"acf":[],"jetpack_featured_media_url":"","jetpack_shortlink":"https:\/\/wp.me\/s6HQt-white","jetpack_sharing_enabled":true,"_links":{"self":[{"href":"https:\/\/andreas-louis-seyerlein.de\/air\/wp-json\/wp\/v2\/posts\/11839","targetHints":{"allow":["GET"]}}],"collection":[{"href":"https:\/\/andreas-louis-seyerlein.de\/air\/wp-json\/wp\/v2\/posts"}],"about":[{"href":"https:\/\/andreas-louis-seyerlein.de\/air\/wp-json\/wp\/v2\/types\/post"}],"author":[{"embeddable":true,"href":"https:\/\/andreas-louis-seyerlein.de\/air\/wp-json\/wp\/v2\/users\/1"}],"replies":[{"embeddable":true,"href":"https:\/\/andreas-louis-seyerlein.de\/air\/wp-json\/wp\/v2\/comments?post=11839"}],"version-history":[{"count":0,"href":"https:\/\/andreas-louis-seyerlein.de\/air\/wp-json\/wp\/v2\/posts\/11839\/revisions"}],"wp:attachment":[{"href":"https:\/\/andreas-louis-seyerlein.de\/air\/wp-json\/wp\/v2\/media?parent=11839"}],"wp:term":[{"taxonomy":"category","embeddable":true,"href":"https:\/\/andreas-louis-seyerlein.de\/air\/wp-json\/wp\/v2\/categories?post=11839"},{"taxonomy":"post_tag","embeddable":true,"href":"https:\/\/andreas-louis-seyerlein.de\/air\/wp-json\/wp\/v2\/tags?post=11839"}],"curies":[{"name":"wp","href":"https:\/\/api.w.org\/{rel}","templated":true}]}}