{"id":15808,"date":"2011-12-08T14:56:42","date_gmt":"2011-12-08T13:56:42","guid":{"rendered":"http:\/\/andreas-louis-seyerlein.de\/air\/?p=15808"},"modified":"2024-06-25T22:07:46","modified_gmt":"2024-06-25T20:07:46","slug":"tastende-ohren","status":"publish","type":"post","link":"https:\/\/andreas-louis-seyerlein.de\/air\/tastende-ohren\/","title":{"rendered":"tastende fingerohren"},"content":{"rendered":"<p><a href=\"https:\/\/andreas-louis-seyerlein.de\/air\/lima-tango-lima\/\"><img data-recalc-dims=\"1\" loading=\"lazy\" decoding=\"async\" style=\"border: 0px initial initial;\" title=\"5\" src=\"https:\/\/i0.wp.com\/andreas-louis-seyerlein.de\/air\/wp-content\/uploads\/2009\/04\/9.jpg?resize=36%2C80&#038;ssl=1\" alt=\"2\" width=\"36\" height=\"80\"><\/a><\/p>\n<p><a href=\"https:\/\/andreas-louis-seyerlein.de\/air\/lima-tango-lima\/\"><span style=\"text-decoration: underline;\">alpha<\/span><\/a> : 15.01 \u2014 Seit Wochen <em>mobi\u00adli\u00adsiert<\/em> eine jun\u00adge Frau mei\u00adnen rech\u00adten Arm in Por\u00adtio\u00adnen der Zeit, die wohl\u00adtu\u00adend sind. Eine eigen\u00adar\u00adti\u00adge Erfah\u00adrung. Als w\u00fcr\u00adde sich die jun\u00adge Frau mit mei\u00adnem Arm unter\u00adhal\u00adten in einer Spra\u00adche kom\u00adpli\u00adzier\u00adter Bewe\u00adgung. Deh\u00adnen. Stre\u00adcken. Dre\u00adhen. Zie\u00adhen. Dr\u00fc\u00adcken. Krei\u00adsen. Strei\u00adchen. Dann Pha\u00adsen der Ruhe. Bald scheint sie in mei\u00adnen Arm hin\u00adein\u00adzu\u00adh\u00f6\u00adren, als ob ihre Fin\u00adger \u00fcber sen\u00adsi\u00adble Ohren ver\u00adf\u00fcg\u00adten, tas\u00adten\u00adde Ohren, die nach Bewe\u00adgun\u00adgen mei\u00adner Seh\u00adnen, mei\u00adner Mus\u00adkeln fra\u00adgen. Ein fei\u00adnes Geh\u00f6r. Eine Spra\u00adche nach\u00adhal\u00adti\u00adger Argu\u00admen\u00adte, die mei\u00adne Mus\u00adkeln aus ihrer Schutz\u00adspan\u00adnung l\u00f6sen. Das Gespr\u00e4ch der H\u00e4n\u00adde, Beschw\u00f6\u00adrung, nach\u00addr\u00fcck\u00adlich, auch Ermun\u00adte\u00adrung, Ermu\u00adti\u00adgung: <em>Erin\u00adnert Euch!<\/em> \u2013 Schnee \u00fcber Nacht. Sturm\u00adwind auf den Ber\u00adgen. Doh\u00adlen sind ins Tal gekom\u00admen. \u2014&nbsp;stop.<\/p>\n<p><img data-recalc-dims=\"1\" decoding=\"async\" src=\"https:\/\/i0.wp.com\/andreas-louis-seyerlein.de\/air\/g\/ping.jpg?w=660&#038;ssl=1\" alt=\"ping\"><\/p>\n","protected":false},"excerpt":{"rendered":"<p>alpha : 15.01 \u2014 Seit Wochen mobi\u00adli\u00adsiert eine jun\u00adge Frau mei\u00adnen rech\u00adten Arm in Por\u00adtio\u00adnen der Zeit, die wohl\u00adtu\u00adend sind. Eine eigen\u00adar\u00adti\u00adge Erfah\u00adrung. Als w\u00fcr\u00adde sich die jun\u00adge Frau mit mei\u00adnem Arm unter\u00adhal\u00adten in einer\u2026 <a class=\"excerpt-more-link\" href=\"https:\/\/andreas-louis-seyerlein.de\/air\/tastende-ohren\/\">Read More<\/a><\/p>\n","protected":false},"author":1,"featured_media":0,"comment_status":"closed","ping_status":"closed","sticky":false,"template":"","format":"standard","meta":{"_acf_changed":false,"wp_typography_post_enhancements_disabled":false,"_jetpack_memberships_contains_paid_content":false,"footnotes":""},"categories":[1499,1116],"tags":[495,1747,4303,1744,1127,1671,1181,1432,5346,1044,1663,13625,572,1210,1635,1441,4416,2864,2863,248,650,19,1666,2032,1145,874,467,614,525,5607,1789,1153,2028,1830,1837,97,225,223,943,3531,5109,1648,4147,1692,600,1885,5155,43,872,5530,1785,29],"class_list":["post-15808","post","type-post","status-publish","format-standard","hentry","category-schirokko","category-papiergeschichten","tag-alpha","tag-alt","tag-argument","tag-arm","tag-art","tag-ast","tag-berg","tag-berge","tag-bewegung","tag-dohlen","tag-ecke","tag-eiche","tag-eis","tag-eisen","tag-ende","tag-ente","tag-erfahrung","tag-ermunterung","tag-ermutigung","tag-finger","tag-frage","tag-fragen","tag-frau","tag-gehoer","tag-gespraech","tag-halt","tag-hoeren","tag-hut","tag-ich","tag-is","tag-jung","tag-junge","tag-kreise","tag-muskel","tag-muskeln","tag-nacht","tag-ohr","tag-ohren","tag-op","tag-phase","tag-portion","tag-reisen","tag-rinne","tag-ruecken","tag-schnee","tag-sehne","tag-spannung","tag-sprache","tag-stop","tag-strecke","tag-tasten","tag-zeit"],"acf":[],"jetpack_featured_media_url":"","jetpack_shortlink":"https:\/\/wp.me\/p6HQt-46Y","jetpack_sharing_enabled":true,"_links":{"self":[{"href":"https:\/\/andreas-louis-seyerlein.de\/air\/wp-json\/wp\/v2\/posts\/15808","targetHints":{"allow":["GET"]}}],"collection":[{"href":"https:\/\/andreas-louis-seyerlein.de\/air\/wp-json\/wp\/v2\/posts"}],"about":[{"href":"https:\/\/andreas-louis-seyerlein.de\/air\/wp-json\/wp\/v2\/types\/post"}],"author":[{"embeddable":true,"href":"https:\/\/andreas-louis-seyerlein.de\/air\/wp-json\/wp\/v2\/users\/1"}],"replies":[{"embeddable":true,"href":"https:\/\/andreas-louis-seyerlein.de\/air\/wp-json\/wp\/v2\/comments?post=15808"}],"version-history":[{"count":0,"href":"https:\/\/andreas-louis-seyerlein.de\/air\/wp-json\/wp\/v2\/posts\/15808\/revisions"}],"wp:attachment":[{"href":"https:\/\/andreas-louis-seyerlein.de\/air\/wp-json\/wp\/v2\/media?parent=15808"}],"wp:term":[{"taxonomy":"category","embeddable":true,"href":"https:\/\/andreas-louis-seyerlein.de\/air\/wp-json\/wp\/v2\/categories?post=15808"},{"taxonomy":"post_tag","embeddable":true,"href":"https:\/\/andreas-louis-seyerlein.de\/air\/wp-json\/wp\/v2\/tags?post=15808"}],"curies":[{"name":"wp","href":"https:\/\/api.w.org\/{rel}","templated":true}]}}