{"id":17144,"date":"2012-04-27T00:36:50","date_gmt":"2012-04-26T22:36:50","guid":{"rendered":"http:\/\/andreas-louis-seyerlein.de\/air\/?p=17144"},"modified":"2024-06-26T22:08:26","modified_gmt":"2024-06-26T20:08:26","slug":"subnautilus-aquarius","status":"publish","type":"post","link":"https:\/\/andreas-louis-seyerlein.de\/air\/subnautilus-aquarius\/","title":{"rendered":"subnautilus aquarius"},"content":{"rendered":"<p><a href=\"https:\/\/andreas-louis-seyerlein.de\/air\/lima-tango-lima\/\"><img loading=\"lazy\" decoding=\"async\" style=\"border: 0px initial initial;\" title=\"5\" src=\"https:\/\/andreas-louis-seyerlein.de\/air\/wp-content\/uploads\/2009\/04\/2.jpg\" alt=\"2\" width=\"36\" height=\"80\"><\/a><\/p>\n<p><a href=\"https:\/\/andreas-louis-seyerlein.de\/air\/lima-tango-lima\/\"><span style=\"text-decoration: underline;\">hima\u00adla\u00adya<\/span><\/a> : 0.05 \u2014 Nach viel\u00adst\u00fcn\u00addi\u00adger, kon\u00adzen\u00adtrier\u00adter Arbeit ist die Erfin\u00addung einer wei\u00adte\u00adren Gat\u00adtung schau\u00adkeln\u00adder Perl\u00adboo\u00adte end\u00adlich denk\u00adbar gewor\u00adden. <em>Sub\u00adnau\u00adti\u00adlus aqua\u00adri\u00adus<\/em>, Gesch\u00f6pf rei\u00adnen Wun\u00adsches. Wesent\u00adli\u00adche Merk\u00adma\u00adle kurz notiert: Perl\u00adboo\u00adte der Gat\u00adtung <em>Sub\u00adnau\u00adti\u00adlus aqua\u00adri\u00adus<\/em> leben aus\u00adschlie\u00df\u00adlich in S\u00fc\u00df\u00adwas\u00adser\u00adum\u00adge\u00adbung, vor\u00adnehm\u00adlich in fla\u00adchen Gew\u00e4s\u00adsern, das hei\u00dft, in Gew\u00e4s\u00adsern bis f\u00fcnf Meter Tie\u00adfe. Tem\u00adpe\u00adra\u00adtu\u00adren jen\u00adseits 30\u00b0 Cel\u00adsi\u00adus (doch unter 40\u00b0 Cel\u00adsi\u00adus) sind Vor\u00adaus\u00adset\u00adzung, um h\u00f6he\u00adres Alter errei\u00adchen zu k\u00f6n\u00adnen. Gr\u00f6\u00ad\u00dfe in Rei\u00adfe: 150 mm. Gas\u00adsteue\u00adrung sowohl auf als auch abw\u00e4rts. \u00c4u\u00dfe\u00adre H\u00fcl\u00adle: Ara\u00adgo\u00adnit. Inne\u00adre H\u00fcl\u00adle: Perl\u00admutt. Fang\u00adar\u00adme: 120. Perl\u00adboo\u00adte der Gat\u00adtung <em>Sub\u00adnau\u00adti\u00adlus aqua\u00adri\u00adus<\/em> gebie\u00adten wei\u00adter\u00adhin \u00fcber die F\u00e4hig\u00adkeit, Licht zu erzeu\u00adgen in viel\u00adf\u00e4l\u00adti\u00adgen Far\u00adben. Algen (5 bis 8 Gramm pro Tag), aber auch Schup\u00adpen mensch\u00adli\u00adcher Haut, wer\u00adden bevor\u00adzugt aus dem Was\u00adser genom\u00admen. Man kann h\u00f6ren. \u2014&nbsp;stop<\/p>\n<p><img decoding=\"async\" src=\"https:\/\/andreas-louis-seyerlein.de\/air\/g\/ping.jpg\" alt=\"ping\"><\/p>\n","protected":false},"excerpt":{"rendered":"<p>hima\u00adla\u00adya : 0.05 \u2014 Nach viel\u00adst\u00fcn\u00addi\u00adger, kon\u00adzen\u00adtrier\u00adter Arbeit ist die Erfin\u00addung einer wei\u00adte\u00adren Gat\u00adtung schau\u00adkeln\u00adder Perl\u00adboo\u00adte end\u00adlich denk\u00adbar gewor\u00adden. Sub\u00adnau\u00adti\u00adlus aqua\u00adri\u00adus, Gesch\u00f6pf rei\u00adnen Wun\u00adsches. Wesent\u00adli\u00adche Merk\u00adma\u00adle kurz notiert: Perl\u00adboo\u00adte der Gat\u00adtung Sub\u00adnau\u00adti\u00adlus aqua\u00adri\u00adus leben aus\u00adschlie\u00df\u00adlich\u2026 <a class=\"excerpt-more-link\" href=\"https:\/\/andreas-louis-seyerlein.de\/air\/subnautilus-aquarius\/\">Read More<\/a><\/p>\n","protected":false},"author":1,"featured_media":0,"comment_status":"closed","ping_status":"closed","sticky":false,"template":"","format":"standard","meta":{"_acf_changed":false,"wp_typography_post_enhancements_disabled":false,"_jetpack_memberships_contains_paid_content":false,"footnotes":""},"categories":[1499,1116],"tags":[1747,3068,701,1744,1213,2210,13625,1714,30,1710,3067,2060,177,54,1458,944,439,467,1902,525,5607,2549,466,86,876,2995,2562,943,1498,3065,872,3066,1675,1739,4414,1924,947,74],"class_list":["post-17144","post","type-post","status-publish","format-standard","hentry","category-schirokko","category-papiergeschichten","tag-alt","tag-aragonit","tag-arbeit","tag-arm","tag-arme","tag-celsius","tag-eiche","tag-endlich","tag-erfindung","tag-farbe","tag-gassteuerung","tag-gattung","tag-genom","tag-geschoepfe","tag-gramm","tag-haut","tag-himalaya","tag-hoeren","tag-huelle","tag-ich","tag-is","tag-jenseits","tag-leben","tag-licht","tag-mensch","tag-nautilus","tag-not","tag-op","tag-pen","tag-perlboote","tag-stop","tag-suesswasserumgebung","tag-tief","tag-tiefe","tag-umgebung","tag-vorn","tag-wasser","tag-wesen"],"acf":[],"jetpack_featured_media_url":"","jetpack_shortlink":"https:\/\/wp.me\/p6HQt-4sw","jetpack_sharing_enabled":true,"_links":{"self":[{"href":"https:\/\/andreas-louis-seyerlein.de\/air\/wp-json\/wp\/v2\/posts\/17144","targetHints":{"allow":["GET"]}}],"collection":[{"href":"https:\/\/andreas-louis-seyerlein.de\/air\/wp-json\/wp\/v2\/posts"}],"about":[{"href":"https:\/\/andreas-louis-seyerlein.de\/air\/wp-json\/wp\/v2\/types\/post"}],"author":[{"embeddable":true,"href":"https:\/\/andreas-louis-seyerlein.de\/air\/wp-json\/wp\/v2\/users\/1"}],"replies":[{"embeddable":true,"href":"https:\/\/andreas-louis-seyerlein.de\/air\/wp-json\/wp\/v2\/comments?post=17144"}],"version-history":[{"count":0,"href":"https:\/\/andreas-louis-seyerlein.de\/air\/wp-json\/wp\/v2\/posts\/17144\/revisions"}],"wp:attachment":[{"href":"https:\/\/andreas-louis-seyerlein.de\/air\/wp-json\/wp\/v2\/media?parent=17144"}],"wp:term":[{"taxonomy":"category","embeddable":true,"href":"https:\/\/andreas-louis-seyerlein.de\/air\/wp-json\/wp\/v2\/categories?post=17144"},{"taxonomy":"post_tag","embeddable":true,"href":"https:\/\/andreas-louis-seyerlein.de\/air\/wp-json\/wp\/v2\/tags?post=17144"}],"curies":[{"name":"wp","href":"https:\/\/api.w.org\/{rel}","templated":true}]}}