{"id":27555,"date":"2015-12-23T21:43:52","date_gmt":"2015-12-23T20:43:52","guid":{"rendered":"http:\/\/andreas-louis-seyerlein.de\/air\/?p=27555"},"modified":"2024-07-18T23:01:03","modified_gmt":"2024-07-18T21:01:03","slug":"ai-vietnam","status":"publish","type":"post","link":"https:\/\/andreas-louis-seyerlein.de\/air\/ai-vietnam\/","title":{"rendered":"ai : VIETNAM"},"content":{"rendered":"<p style=\"padding-left: 30px;\"><img loading=\"lazy\" decoding=\"async\" class=\"size-full wp-image-21139 alignnone\" src=\"https:\/\/andreas-louis-seyerlein.de\/air\/wp-content\/uploads\/2013\/04\/aihead2.jpg\" alt=\"aihead2\" width=\"525\" height=\"150\" srcset=\"https:\/\/andreas-louis-seyerlein.de\/air\/wp-content\/uploads\/2013\/04\/aihead2.jpg 525w, https:\/\/andreas-louis-seyerlein.de\/air\/wp-content\/uploads\/2013\/04\/aihead2-426x121.jpg 426w\" sizes=\"auto, (max-width: 525px) 100vw, 525px\"><\/p>\n<p style=\"padding-left: 60px;\">MENSCH IN GEFAHR: \u201e<em>Die viet\u00adna\u00adme\u00adsi\u00adsche Anw\u00e4l\u00adtin und Men\u00adschen\u00adrecht\u00adle\u00adrin L\u00ea Thu H\u00e0 wur\u00adde am 16. Dezem\u00adber fest\u00adge\u00adnom\u00admen. Kurz zuvor am sel\u00adben Tag war auch der bekann\u00adte Men\u00adschen\u00adrechts\u00adan\u00adwalt Nguy\u1ec5n V\u0103n \u0110\u00e0i fest\u00adge\u00adnom\u00admen wor\u00adden. Bis\u00adher durf\u00adte sie kei\u00adnen Besuch von ande\u00adren Aktivist\/innen erhal\u00adten. Sie l\u00e4uft Gefahr, gefol\u00adtert und ander\u00adwei\u00adtig miss\u00adhan\u00addelt zu wer\u00adden. \/ Die Rechts\u00adan\u00adw\u00e4l\u00adtin L\u00ea Thu H\u00e0 soll am 16. Dezem\u00adber inhaf\u00adtiert wor\u00adden sein, als Sicher\u00adheits\u00adkr\u00e4f\u00adte die Woh\u00adnung des Men\u00adschen\u00adrechts\u00adan\u00adwalts Nguy\u1ec5n V\u0103n \u0110\u00e0i in der Haupt\u00adstadt Hanoi durch\u00adsuch\u00adten. Der Anwalt war am Mor\u00adgen des\u00adsel\u00adben Tages fest\u00adge\u00adnom\u00admen wor\u00adden. Wei\u00adte\u00adre Infor\u00adma\u00adtio\u00adnen zu sei\u00adnem Fall fin\u00adden Sie in <a href=\"http:\/\/www.amnesty.de\/urgent-action\/ua-292-2015\/anwalt-festgenommen\" target=\"_blank\" rel=\"noopener\">UA-292\/2015<\/a>. &nbsp;L\u00ea Thu H\u00e0 ist Mit\u00adglied der von Nguy\u1ec5n V\u0103n \u0110\u00e0i gegr\u00fcn\u00adde\u00adten Orga\u00adni\u00adsa\u00adti\u00adon \u201cBru\u00adder\u00adschaft f\u00fcr Demo\u00adkra\u00adtie\u201d (Brot\u00adher\u00adhood for Demo\u00adcra\u00adcy). Sie befin\u00addet sich der\u00adzeit im B14-Gef\u00e4ng\u00adnis in Hanoi in Unter\u00adsu\u00adchungs\u00adhaft. Es ist nicht bekannt, ob sie bereits ange\u00adklagt wurde.\/ L\u00ea Thu H\u00e0 war bereits am 23. Sep\u00adtem\u00adber fest\u00adge\u00adnom\u00admen wor\u00adden, gemein\u00adsam mit vier wei\u00adte\u00adren Mitarbeiter\/innen des unab\u00adh\u00e4n\u00adgi\u00adgen You\u00adTube-Kanals \u201cL\u01b0\u01a1ng T\u00e2m TV\u201d (\u201cGewis\u00adsens-TV\u201d). Sie war als Eng\u00adlisch-\u00dcber\u00adset\u00adze\u00adrin f\u00fcr den Sen\u00adder t\u00e4tig gewe\u00adsen, der seit August 2015 auf You\u00adTube kur\u00adze Clips \u00fcber die Men\u00adschen\u00adrechts\u00adla\u00adge in Viet\u00adnam aus\u00adstrahlt. Alle f\u00fcnf waren bis sp\u00e4t\u00adabends von der Hanoier Sicher\u00adheits\u00adpo\u00adli\u00adzei fest\u00adge\u00adhal\u00adten wor\u00adden. Im April hat\u00adten die Beh\u00f6r\u00adden den Rei\u00adse\u00adpass von L\u00ea Thu H\u00e0 ein\u00adge\u00adzo\u00adgen, kurz bevor sie von Hanoi nach Ho-Chi-Minh-Stadt flie\u00adgen und von dort aus einen Flug ins Aus\u00adland neh\u00admen woll\u00adte. \/ Am 20. Dezem\u00adber ver\u00adsuch\u00adten eini\u00adge Aktivist\/innen, L\u00ea Thu H\u00e0 im B14-Gef\u00e4ng\u00adnis zu besu\u00adchen, durf\u00adten sie jedoch nicht sehen. Sie l\u00e4uft Gefahr, gefol\u00adtert und ander\u00adwei\u00adtig miss\u00adhan\u00addelt zu wer\u00adden. Verteidiger\/innen der Men\u00adschen\u00adrech\u00adte, gegen die in Viet\u00adnam straf\u00adrecht\u00adli\u00adche Vor\u00adw\u00fcr\u00adfe erho\u00adben wor\u00adden sind, wer\u00adden w\u00e4h\u00adrend der Unter\u00adsu\u00adchungs\u00adhaft bzw. in der Ermitt\u00adlungs\u00adpha\u00adse h\u00e4u\u00adfig unmensch\u00adlich behan\u00addelt.<\/em>\u201c \u2014 Hin\u00adter\u00adgrund\u00adin\u00adfor\u00adma\u00adtio\u00adnen sowie emp\u00adfoh\u00adle\u00adne schrift\u00adli\u00adche Aktio\u00adnen, m\u00f6g\u00adlichst unver\u00adz\u00fcg\u00adlich und nicht \u00fcber den 2. Febru\u00adar 2016 hin\u00adaus, unter &gt; ai : <span style=\"text-decoration: underline;\"><a href=\"https:\/\/www.amnesty.de\/urgent-action\/ua-297-2015\/menschenrechtlerin-festgenommen?destination=node%2F5309\" target=\"_blank\" rel=\"noopener\">urgent action<\/a><\/span><\/p>\n<p><img loading=\"lazy\" decoding=\"async\" class=\"size-full wp-image-4483\" title=\"ping\" src=\"https:\/\/andreas-louis-seyerlein.de\/air\/wp-content\/uploads\/2009\/04\/ping.jpg\" alt=\"ping\" width=\"425\" height=\"25\"><\/p>\n","protected":false},"excerpt":{"rendered":"<p>MENSCH IN GEFAHR: \u201eDie viet\u00adna\u00adme\u00adsi\u00adsche Anw\u00e4l\u00adtin und Men\u00adschen\u00adrecht\u00adle\u00adrin L\u00ea Thu H\u00e0 wur\u00adde am 16. Dezem\u00adber fest\u00adge\u00adnom\u00admen. Kurz zuvor am sel\u00adben Tag war auch der bekann\u00adte Men\u00adschen\u00adrechts\u00adan\u00adwalt Nguy\u1ec5n V\u0103n \u0110\u00e0i fest\u00adge\u00adnom\u00admen wor\u00adden. Bis\u00adher durf\u00adte sie kei\u00adnen\u2026 <a class=\"excerpt-more-link\" href=\"https:\/\/andreas-louis-seyerlein.de\/air\/ai-vietnam\/\">Read More<\/a><\/p>\n","protected":false},"author":1,"featured_media":0,"comment_status":"closed","ping_status":"closed","sticky":false,"template":"","format":"standard","meta":{"_acf_changed":false,"wp_typography_post_enhancements_disabled":false,"_jetpack_memberships_contains_paid_content":false,"footnotes":""},"categories":[1077],"tags":[1711,4457,1747,4069,824,701,812,13697,828,1051,602,818,572,1635,1767,817,1672,1650,841,1083,4408,1615,1614,177,2947,874,1641,5701,3773,525,1766,5607,1486,839,1179,899,876,26,4456,517,1266,3531,1695,1427,873,1667,55,100,816,5267,5328,790,5971,1730,4450,1616,1542,4281,3132,74,1643,661,1052,29],"class_list":["post-27555","post","type-post","status-publish","format-standard","hentry","category-ai","tag-abend","tag-aktion","tag-alt","tag-anis","tag-april","tag-arbeit","tag-august","tag-behoerde","tag-brot","tag-bruder","tag-demokratie","tag-dezember","tag-eis","tag-ende","tag-englisch","tag-februar","tag-fest","tag-finden","tag-fliege","tag-fliegen","tag-formation","tag-gefahr","tag-gefaengnis","tag-genom","tag-gewissen","tag-halt","tag-hand","tag-hintergrundinformation","tag-hintergrundinformationen","tag-ich","tag-innen","tag-is","tag-iss","tag-kanal","tag-lage","tag-lied","tag-mensch","tag-menschen","tag-menschenrecht","tag-menschenrechte","tag-morgen","tag-phase","tag-rechts","tag-reisepass","tag-rot","tag-schaft","tag-schrift","tag-sehen","tag-september","tag-sicherheit","tag-strahl","tag-tage","tag-unabhaengig","tag-untersuchung","tag-untersuchungshaft","tag-urgent-action","tag-vietnam","tag-wal","tag-ware","tag-wesen","tag-wissen","tag-wohnung","tag-www","tag-zeit"],"acf":[],"jetpack_featured_media_url":"","jetpack_shortlink":"https:\/\/wp.me\/p6HQt-7ar","jetpack_sharing_enabled":true,"_links":{"self":[{"href":"https:\/\/andreas-louis-seyerlein.de\/air\/wp-json\/wp\/v2\/posts\/27555","targetHints":{"allow":["GET"]}}],"collection":[{"href":"https:\/\/andreas-louis-seyerlein.de\/air\/wp-json\/wp\/v2\/posts"}],"about":[{"href":"https:\/\/andreas-louis-seyerlein.de\/air\/wp-json\/wp\/v2\/types\/post"}],"author":[{"embeddable":true,"href":"https:\/\/andreas-louis-seyerlein.de\/air\/wp-json\/wp\/v2\/users\/1"}],"replies":[{"embeddable":true,"href":"https:\/\/andreas-louis-seyerlein.de\/air\/wp-json\/wp\/v2\/comments?post=27555"}],"version-history":[{"count":0,"href":"https:\/\/andreas-louis-seyerlein.de\/air\/wp-json\/wp\/v2\/posts\/27555\/revisions"}],"wp:attachment":[{"href":"https:\/\/andreas-louis-seyerlein.de\/air\/wp-json\/wp\/v2\/media?parent=27555"}],"wp:term":[{"taxonomy":"category","embeddable":true,"href":"https:\/\/andreas-louis-seyerlein.de\/air\/wp-json\/wp\/v2\/categories?post=27555"},{"taxonomy":"post_tag","embeddable":true,"href":"https:\/\/andreas-louis-seyerlein.de\/air\/wp-json\/wp\/v2\/tags?post=27555"}],"curies":[{"name":"wp","href":"https:\/\/api.w.org\/{rel}","templated":true}]}}